{"id":2491,"date":"2014-09-22T09:19:04","date_gmt":"2014-09-22T12:19:04","guid":{"rendered":"http:\/\/ohyalab.com.br\/index.php\/2014\/09\/22\/inauguracao-do-gradil-historias-de-ogum-proximo-dia-27-09\/"},"modified":"2021-05-16T23:50:21","modified_gmt":"2021-05-17T02:50:21","slug":"inauguracao-do-gradil-historias-de-ogum-proximo-dia-27-09","status":"publish","type":"post","link":"https:\/\/museuafrobrasileiro.com.br\/index.php\/2014\/09\/22\/inauguracao-do-gradil-historias-de-ogum-proximo-dia-27-09\/","title":{"rendered":"Inaugura\u00e7\u00e3o do Gradil &#8220;Hist\u00f3rias de Ogum&#8221; pr\u00f3ximo dia 27\/09"},"content":{"rendered":"<p><img loading=\"lazy\" decoding=\"async\" class=\" size-full wp-image-108\" src=\"http:\/\/ohyalab.com.br\/wp-content\/uploads\/2014\/09\/GRADIL_CONVITE-ELETRONICO1.png\" alt=\"GRADIL CONVITE-ELETRONICO1\" width=\"634\" height=\"503\" \/><\/p>\n<p>No or\u00f3ximo s\u00e1bado, &nbsp;27 de setembro, \u00e0s 13h. o Museu Nacional da Cultura Afro &#8211; MUNCAB inaugura o Gradil Hist\u00f3rias de Ogum&#8221;, pe\u00e7a criada pelo Artista Pl\u00e1stico J. Cunha e fabricada por Jorge Lima Artefatos de Metal, com patroc\u00ednio da Petrobras. O evento marca n\u00e3o s\u00f3 a entrega do gradil ma,s representa um marco hist\u00f3rico para a cultura afro-brasileira, um monumento que representa a hist\u00f3ria do seu povo, que marca o acesso ao MUNCAB mas que do que um portal de acsso ao museu, um portal de acesso a hist\u00f3ria e um elemento da cidade do Salvador.&nbsp;<\/p>\n","protected":false},"excerpt":{"rendered":"<p>No or\u00f3ximo s\u00e1bado, &nbsp;27 de setembro, \u00e0s 13h. o Museu Nacional da Cultura Afro &#8211; MUNCAB inaugura o Gradil Hist\u00f3rias de Ogum&#8221;, pe\u00e7a criada pelo Artista Pl\u00e1stico J. Cunha e fabricada por Jorge Lima Artefatos de Metal, com patroc\u00ednio da Petrobras. O evento marca n\u00e3o s\u00f3 a entrega do gradil ma,s representa um marco hist\u00f3rico [&hellip;]<\/p>\n","protected":false},"author":2,"featured_media":108,"comment_status":"closed","ping_status":"closed","sticky":false,"template":"","format":"standard","meta":{"footnotes":""},"categories":[253],"tags":[],"class_list":["post-2491","post","type-post","status-publish","format-standard","has-post-thumbnail","hentry","category-eventos"],"_links":{"self":[{"href":"https:\/\/museuafrobrasileiro.com.br\/index.php\/wp-json\/wp\/v2\/posts\/2491","targetHints":{"allow":["GET"]}}],"collection":[{"href":"https:\/\/museuafrobrasileiro.com.br\/index.php\/wp-json\/wp\/v2\/posts"}],"about":[{"href":"https:\/\/museuafrobrasileiro.com.br\/index.php\/wp-json\/wp\/v2\/types\/post"}],"author":[{"embeddable":true,"href":"https:\/\/museuafrobrasileiro.com.br\/index.php\/wp-json\/wp\/v2\/users\/2"}],"replies":[{"embeddable":true,"href":"https:\/\/museuafrobrasileiro.com.br\/index.php\/wp-json\/wp\/v2\/comments?post=2491"}],"version-history":[{"count":1,"href":"https:\/\/museuafrobrasileiro.com.br\/index.php\/wp-json\/wp\/v2\/posts\/2491\/revisions"}],"predecessor-version":[{"id":2667,"href":"https:\/\/museuafrobrasileiro.com.br\/index.php\/wp-json\/wp\/v2\/posts\/2491\/revisions\/2667"}],"wp:featuredmedia":[{"embeddable":true,"href":"https:\/\/museuafrobrasileiro.com.br\/index.php\/wp-json\/"}],"wp:attachment":[{"href":"https:\/\/museuafrobrasileiro.com.br\/index.php\/wp-json\/wp\/v2\/media?parent=2491"}],"wp:term":[{"taxonomy":"category","embeddable":true,"href":"https:\/\/museuafrobrasileiro.com.br\/index.php\/wp-json\/wp\/v2\/categories?post=2491"},{"taxonomy":"post_tag","embeddable":true,"href":"https:\/\/museuafrobrasileiro.com.br\/index.php\/wp-json\/wp\/v2\/tags?post=2491"}],"curies":[{"name":"wp","href":"https:\/\/api.w.org\/{rel}","templated":true}]}}